{"id":8085,"date":"2024-06-15T01:07:00","date_gmt":"2024-06-14T23:07:00","guid":{"rendered":"https:\/\/mjvv.org\/non-categorizzato\/navidades-en-guasimal\/"},"modified":"2024-06-15T01:20:17","modified_gmt":"2024-06-14T23:20:17","slug":"navidades-en-guasimal","status":"publish","type":"post","link":"https:\/\/mjvv.org\/it\/missionarie\/navidades-en-guasimal\/","title":{"rendered":"Natale in Guasimal"},"content":{"rendered":"<p>Ogni anno, all&#8217;inizio dell&#8217;Avvento, i bambini sanno gi\u00e0 che si sta avvicinando il Natale, un periodo che a loro piace molto. E iniziano a chiederci: cosa faremo quest&#8217;anno? A cosa parteciper\u00f2? Cosa indosser\u00f2? e cos\u00ec via, ogni domenica. Per questo ci siamo affrettati a organizzare le attivit\u00e0.<\/p>\n<p>Nell&#8217;anno 2022, abbiamo rappresentato il presepe vivente attraverso le canzoni. Ogni Madre ha provato una canzone con il suo gruppo, a seconda dei personaggi che doveva rappresentare. Sono state organizzate diverse prove, poich\u00e9 diversi bambini dovevano interpretare dei solisti, come l&#8217;angelo, San Giuseppe, la Vergine Maria. Erano tutti molto entusiasti e volevano esibirsi.Arriv\u00f2 il bel giorno della vigilia di Natale. Tutti erano puntuali. In questi giorni di festa, la partecipazione dei fedeli \u00e8 molto pi\u00f9 alta del solito e, grazie a Dio, la chiesa \u00e8 piena. Ammirano le luci, il presepe, le decorazioni e la chiesa.<\/p>\n<figure id=\"attachment_8075\" aria-describedby=\"caption-attachment-8075\" style=\"width: 1200px\" class=\"wp-caption alignnone\"><img fetchpriority=\"high\" decoding=\"async\" class=\"wp-image-8075 size-full\" src=\"https:\/\/mjvv.org\/wp-content\/uploads\/2024\/06\/modelo-alto-interno-pagina-web.png\" alt=\"\" width=\"1200\" height=\"650\" srcset=\"https:\/\/mjvv.org\/wp-content\/uploads\/2024\/06\/modelo-alto-interno-pagina-web.png 1200w, https:\/\/mjvv.org\/wp-content\/uploads\/2024\/06\/modelo-alto-interno-pagina-web-300x163.png 300w, https:\/\/mjvv.org\/wp-content\/uploads\/2024\/06\/modelo-alto-interno-pagina-web-1024x555.png 1024w, https:\/\/mjvv.org\/wp-content\/uploads\/2024\/06\/modelo-alto-interno-pagina-web-768x416.png 768w\" sizes=\"(max-width: 1200px) 100vw, 1200px\" \/><figcaption id=\"caption-attachment-8075\" class=\"wp-caption-text\">Foto di riferimento<\/figcaption><\/figure>\n<p><span style=\"font-size: 14px;\">Quando la celebrazione stava per iniziare, c&#8217;\u00e8 stata un&#8217;interruzione di corrente, ma questo non ha impedito di continuare la celebrazione. Alcune lampade sono state accese e questo ha aiutato ancora di pi\u00f9 il raccoglimento e la contemplazione del Mistero della nascita del Bambino Dio, nato anch&#8217;egli in una notte buia nel portale di Betlemme. Dopo la celebrazione solenne, si \u00e8 svolta la rappresentazione preparata. <\/span><\/p>\n<p><span style=\"font-size: 14px;\">\u00c8 iniziata con il canto dell&#8217;Angelo, che ha annunciato la nascita di Ges\u00f9 Bambino. Seguirono la Vergine e San Giuseppe. Nel loro canto hanno espresso l&#8217;immensa gioia di avere il Bambino Dio tra le braccia. Poi il coro degli angeli ha intonato un canto al Dio divino appena nato. Questo coro era composto dai bambini pi\u00f9 piccoli, che tra lo stupore di tutti cantavano con disinvoltura. Poi sono entrati i pastori e hanno cantato il canto tradizionale peruviano &#8220;Cholito Jes\u00fas&#8221;, che \u00e8 stato accolto molto bene. Alla fine dello spettacolo, sono entrati tre bambini vestiti da Re Magi, accompagnati da altri bambini vestiti da orientali, e hanno cantato il canto tradizionale argentino &#8220;Llegaron ya los Reyes&#8221;. Questo ha concluso lo spettacolo della vigilia di Natale.<\/span><\/p>\n<figure id=\"attachment_8079\" aria-describedby=\"caption-attachment-8079\" style=\"width: 1200px\" class=\"wp-caption alignnone\"><img decoding=\"async\" class=\"wp-image-8079 size-full\" src=\"https:\/\/mjvv.org\/wp-content\/uploads\/2024\/06\/modelo-alto-interno-pagina-web1.png\" alt=\"\" width=\"1200\" height=\"650\" srcset=\"https:\/\/mjvv.org\/wp-content\/uploads\/2024\/06\/modelo-alto-interno-pagina-web1.png 1200w, https:\/\/mjvv.org\/wp-content\/uploads\/2024\/06\/modelo-alto-interno-pagina-web1-300x163.png 300w, https:\/\/mjvv.org\/wp-content\/uploads\/2024\/06\/modelo-alto-interno-pagina-web1-1024x555.png 1024w, https:\/\/mjvv.org\/wp-content\/uploads\/2024\/06\/modelo-alto-interno-pagina-web1-768x416.png 768w\" sizes=\"(max-width: 1200px) 100vw, 1200px\" \/><figcaption id=\"caption-attachment-8079\" class=\"wp-caption-text\">Foto di riferimento<\/figcaption><\/figure>\n<p>Per la gioia dei bambini, abbiamo ricevuto un invito a partecipare con un&#8217;esibizione alle festivit\u00e0 natalizie, che si sarebbero tenute nella Chiesa della Carit\u00e0 della citt\u00e0 di Sancti Sp\u00edritus. La notizia \u00e8 stata accolta dai bambini e dai loro genitori con grande gioia, perch\u00e9 a loro piace molto. Sono andati a prendere parte allo spettacolo.<\/p>\n<p>&nbsp;<\/p>\n<p style=\"text-align: right;\"><strong>Convento Patmos Guasimal, Cuba.<\/strong><\/p>\n<p style=\"text-align: right;\"><strong>Madre Gertrudis MJVV<\/strong><\/p>\n<p>&nbsp;<\/p>\n","protected":false},"excerpt":{"rendered":"<p>Ogni anno, all&#8217;inizio dell&#8217;Avvento, i bambini sanno gi\u00e0 che si sta avvicinando il Natale, un periodo che a loro piace molto. E iniziano a chiederci: cosa faremo quest&#8217;anno? A cosa parteciper\u00f2? Cosa indosser\u00f2? e cos\u00ec via, ogni domenica. Per questo ci siamo affrettati a organizzare le attivit\u00e0. Nell&#8217;anno 2022, abbiamo rappresentato il presepe vivente attraverso [&hellip;]<\/p>\n","protected":false},"author":2,"featured_media":8070,"comment_status":"open","ping_status":"open","sticky":false,"template":"","format":"standard","meta":{"_jetpack_memberships_contains_paid_content":false,"footnotes":""},"categories":[156],"tags":[],"class_list":["post-8085","post","type-post","status-publish","format-standard","has-post-thumbnail","hentry","category-missionarie"],"jetpack_featured_media_url":"https:\/\/mjvv.org\/wp-content\/uploads\/2024\/06\/ante-prima-articulos-web.png","jetpack_sharing_enabled":true,"_links":{"self":[{"href":"https:\/\/mjvv.org\/it\/wp-json\/wp\/v2\/posts\/8085","targetHints":{"allow":["GET"]}}],"collection":[{"href":"https:\/\/mjvv.org\/it\/wp-json\/wp\/v2\/posts"}],"about":[{"href":"https:\/\/mjvv.org\/it\/wp-json\/wp\/v2\/types\/post"}],"author":[{"embeddable":true,"href":"https:\/\/mjvv.org\/it\/wp-json\/wp\/v2\/users\/2"}],"replies":[{"embeddable":true,"href":"https:\/\/mjvv.org\/it\/wp-json\/wp\/v2\/comments?post=8085"}],"version-history":[{"count":3,"href":"https:\/\/mjvv.org\/it\/wp-json\/wp\/v2\/posts\/8085\/revisions"}],"predecessor-version":[{"id":8091,"href":"https:\/\/mjvv.org\/it\/wp-json\/wp\/v2\/posts\/8085\/revisions\/8091"}],"wp:featuredmedia":[{"embeddable":true,"href":"https:\/\/mjvv.org\/it\/wp-json\/wp\/v2\/media\/8070"}],"wp:attachment":[{"href":"https:\/\/mjvv.org\/it\/wp-json\/wp\/v2\/media?parent=8085"}],"wp:term":[{"taxonomy":"category","embeddable":true,"href":"https:\/\/mjvv.org\/it\/wp-json\/wp\/v2\/categories?post=8085"},{"taxonomy":"post_tag","embeddable":true,"href":"https:\/\/mjvv.org\/it\/wp-json\/wp\/v2\/tags?post=8085"}],"curies":[{"name":"wp","href":"https:\/\/api.w.org\/{rel}","templated":true}]}}