{"id":8030,"date":"2024-06-10T18:48:43","date_gmt":"2024-06-10T16:48:43","guid":{"rendered":"https:\/\/mjvv.org\/non-categorizzato\/vallejos-celebrando-a-san-jose\/"},"modified":"2024-06-10T19:02:10","modified_gmt":"2024-06-10T17:02:10","slug":"vallejos-celebrando-a-san-jose","status":"publish","type":"post","link":"https:\/\/mjvv.org\/it\/missionarie\/vallejos-celebrando-a-san-jose\/","title":{"rendered":"Vallejos festeggia San Jos\u00e9"},"content":{"rendered":"<p>Vallejos \u00e8 uno dei villaggi che serviamo a Guasimal. Ha una piccola cappella costruita adattando una casa che siamo riusciti a ottenere. Il santo patrono di questo villaggio \u00e8 San Giuseppe e noi organizziamo una missione di una settimana per celebrare la sua festa, il 19 marzo. Abbiamo preparato alcune attivit\u00e0 e visite a domicilio. Andiamo e torniamo da Guasimal in bicicletta. La distanza \u00e8 di 40-45 minuti.<\/p>\n<p><img fetchpriority=\"high\" decoding=\"async\" class=\"alignnone size-full wp-image-8034\" src=\"https:\/\/mjvv.org\/wp-content\/uploads\/2024\/06\/modelo-alto-interno-pagina-web2.png\" alt=\"\" width=\"1200\" height=\"650\" srcset=\"https:\/\/mjvv.org\/wp-content\/uploads\/2024\/06\/modelo-alto-interno-pagina-web2.png 1200w, https:\/\/mjvv.org\/wp-content\/uploads\/2024\/06\/modelo-alto-interno-pagina-web2-300x163.png 300w, https:\/\/mjvv.org\/wp-content\/uploads\/2024\/06\/modelo-alto-interno-pagina-web2-1024x555.png 1024w, https:\/\/mjvv.org\/wp-content\/uploads\/2024\/06\/modelo-alto-interno-pagina-web2-768x416.png 768w\" sizes=\"(max-width: 1200px) 100vw, 1200px\" \/><\/p>\n<p><img decoding=\"async\" class=\"alignnone size-full wp-image-8020\" src=\"https:\/\/mjvv.org\/wp-content\/uploads\/2024\/06\/modelo-alto-interno-pagina-web4.png\" alt=\"\" width=\"1200\" height=\"650\" srcset=\"https:\/\/mjvv.org\/wp-content\/uploads\/2024\/06\/modelo-alto-interno-pagina-web4.png 1200w, https:\/\/mjvv.org\/wp-content\/uploads\/2024\/06\/modelo-alto-interno-pagina-web4-300x163.png 300w, https:\/\/mjvv.org\/wp-content\/uploads\/2024\/06\/modelo-alto-interno-pagina-web4-1024x555.png 1024w, https:\/\/mjvv.org\/wp-content\/uploads\/2024\/06\/modelo-alto-interno-pagina-web4-768x416.png 768w\" sizes=\"(max-width: 1200px) 100vw, 1200px\" \/><\/p>\n<p>I fedeli aspettavano con ansia la loro festa patronale. L&#8217;ultimo giorno della missione abbiamo organizzato un lavoro comune per sistemare e pulire la loro piccola cappella. \u00c8 stato bellissimo vedere come tutti i partecipanti hanno aiutato. I bambini sono stati i pi\u00f9 entusiasti. Hanno portato rastrelli, pale, picconi, machete e scope. Le ragazze hanno aiutato a pulire le signore all&#8217;interno, mentre i ragazzi hanno pulito il giardino all&#8217;esterno. Anche i pi\u00f9 piccoli hanno aiutato buttando la spazzatura o togliendo le erbacce. In questo modo \u00e8 stato bellissimo per la loro festa.<\/p>\n<p>Il 19 marzo hanno avuto la grazia di celebrare la Santa Messa. Tutti hanno partecipato alla Santa Messa con grande fervore. Poi hanno reso omaggio al loro Santo Patrono. Hanno cantato &#8220;Las Ma\u00f1anitas&#8221;, una signora ha recitato una poesia a San Giuseppe, poi tutti hanno cantato una canzone, culminando con una preghiera fatta da tutti i fedeli. Hanno chiesto a San Giuseppe la benedizione e la protezione per il suo popolo e per l&#8217;intera nazione. Il tutto si \u00e8 concluso con una condivisione organizzata da tutta la comunit\u00e0. Tutti erano molto felici in occasione della loro festa patronale.<\/p>\n<p>Credo che San Giuseppe, vedendo come celebrano la loro festa con tanta semplicit\u00e0 ed entusiasmo, sicuramente dal cielo far\u00e0 piovere copiose benedizioni su questa citt\u00e0.<\/p>\n<p style=\"text-align: right;\">\n<strong>Convento Patmos Guasimal, Cuba<\/strong><\/p>\n<p style=\"text-align: right;\"><strong>Madre Gertrudis MJVV<\/strong><\/p>\n","protected":false},"excerpt":{"rendered":"<p>Vallejos \u00e8 uno dei villaggi che serviamo a Guasimal. Ha una piccola cappella costruita adattando una casa che siamo riusciti a ottenere. Il santo patrono di questo villaggio \u00e8 San Giuseppe e noi organizziamo una missione di una settimana per celebrare la sua festa, il 19 marzo. Abbiamo preparato alcune attivit\u00e0 e visite a domicilio. [&hellip;]<\/p>\n","protected":false},"author":2,"featured_media":8019,"comment_status":"open","ping_status":"open","sticky":false,"template":"","format":"standard","meta":{"_jetpack_memberships_contains_paid_content":false,"footnotes":""},"categories":[156],"tags":[],"class_list":["post-8030","post","type-post","status-publish","format-standard","has-post-thumbnail","hentry","category-missionarie"],"jetpack_featured_media_url":"https:\/\/mjvv.org\/wp-content\/uploads\/2024\/06\/ante-prima-articulos-web2.png","jetpack_sharing_enabled":true,"_links":{"self":[{"href":"https:\/\/mjvv.org\/it\/wp-json\/wp\/v2\/posts\/8030","targetHints":{"allow":["GET"]}}],"collection":[{"href":"https:\/\/mjvv.org\/it\/wp-json\/wp\/v2\/posts"}],"about":[{"href":"https:\/\/mjvv.org\/it\/wp-json\/wp\/v2\/types\/post"}],"author":[{"embeddable":true,"href":"https:\/\/mjvv.org\/it\/wp-json\/wp\/v2\/users\/2"}],"replies":[{"embeddable":true,"href":"https:\/\/mjvv.org\/it\/wp-json\/wp\/v2\/comments?post=8030"}],"version-history":[{"count":2,"href":"https:\/\/mjvv.org\/it\/wp-json\/wp\/v2\/posts\/8030\/revisions"}],"predecessor-version":[{"id":8038,"href":"https:\/\/mjvv.org\/it\/wp-json\/wp\/v2\/posts\/8030\/revisions\/8038"}],"wp:featuredmedia":[{"embeddable":true,"href":"https:\/\/mjvv.org\/it\/wp-json\/wp\/v2\/media\/8019"}],"wp:attachment":[{"href":"https:\/\/mjvv.org\/it\/wp-json\/wp\/v2\/media?parent=8030"}],"wp:term":[{"taxonomy":"category","embeddable":true,"href":"https:\/\/mjvv.org\/it\/wp-json\/wp\/v2\/categories?post=8030"},{"taxonomy":"post_tag","embeddable":true,"href":"https:\/\/mjvv.org\/it\/wp-json\/wp\/v2\/tags?post=8030"}],"curies":[{"name":"wp","href":"https:\/\/api.w.org\/{rel}","templated":true}]}}