{"id":7949,"date":"2024-05-16T19:18:28","date_gmt":"2024-05-16T17:18:28","guid":{"rendered":"https:\/\/mjvv.org\/non-categorizzato\/reconocimiento-por-las-bodas-de-rubi-en-salta-jujuy-argentina\/"},"modified":"2024-05-16T19:30:30","modified_gmt":"2024-05-16T17:30:30","slug":"reconocimiento-por-las-bodas-de-rubi-en-salta-jujuy-argentina","status":"publish","type":"post","link":"https:\/\/mjvv.org\/it\/notizie\/reconocimiento-por-las-bodas-de-rubi-en-salta-jujuy-argentina\/","title":{"rendered":"Riconoscimento per le nozze di rubino a Salta-Jujuy-Argentina"},"content":{"rendered":"<p>Nella X Sessione Ordinaria, il 14 maggio di quest&#8217;anno, la Camera dei Deputati di Salta-Jujuy ha conferito un riconoscimento alle Missionarie di Ges\u00f9 Verbo e V\u00edctima, nel loro 40\u00b0 anniversario di lavoro pastorale nella puna di Salta, Jujuy. In particolare nel centro missionario San Antonio de los Cobres.<\/p>\n<p><img fetchpriority=\"high\" decoding=\"async\" class=\"alignnone size-full wp-image-7939\" src=\"https:\/\/mjvv.org\/wp-content\/uploads\/2024\/05\/modelo-alto-interno-pagina-web-3.png\" alt=\"\" width=\"1200\" height=\"650\" srcset=\"https:\/\/mjvv.org\/wp-content\/uploads\/2024\/05\/modelo-alto-interno-pagina-web-3.png 1200w, https:\/\/mjvv.org\/wp-content\/uploads\/2024\/05\/modelo-alto-interno-pagina-web-3-300x163.png 300w, https:\/\/mjvv.org\/wp-content\/uploads\/2024\/05\/modelo-alto-interno-pagina-web-3-1024x555.png 1024w, https:\/\/mjvv.org\/wp-content\/uploads\/2024\/05\/modelo-alto-interno-pagina-web-3-768x416.png 768w\" sizes=\"(max-width: 1200px) 100vw, 1200px\" \/><\/p>\n<p>La sessione \u00e8 stata presieduta dal capo dell&#8217;organismo, Esteban Amat Lacroix, accompagnato dal primo e dal secondo vicepresidente, rispettivamente Ver\u00f3nica Saicha e Gladys Paredes, dal segretario legislativo, Ra\u00fal Medina, e dal segretario amministrativo, Gast\u00f3n Gal\u00edndez. Inoltre, il Segretario legislativo, Pedro Mellado, e il Segretario amministrativo, Margarita Vega.<\/p>\n<p>Ecco le parole di riconoscimento del deputato Ger\u00f3nimo Arjona:<\/p>\n<p>Tutti gli uomini sono chiamati allo stesso fine. Di tutte le creature visibili, solo l&#8217;uomo \u00e8 capace di conoscere e amare il suo creatore. E in questo compie le sue azioni al servizio del prossimo, come risposta di fede e di amore, nel luogo in cui svolge il suo compito. \u00c8 degno di nota, in questo spazio di omaggio, il lavoro encomiabile che le Missionarie di Ges\u00f9, Verbo e Vittima, hanno svolto nella Puna Salta Juje\u00f1a. Quarant&#8217;anni di lavoro pastorale, al servizio di Dio e del prossimo, con il loro motto, Insegnamento e Carit\u00e0 Penitente, in tutto il loro lavoro incarnato, non solo hanno tenuto presente il loro motto, ma hanno anche lavorato instancabilmente nella formazione dei catechisti, nella missione in tutti i villaggi e le citt\u00e0 della Puna, amministrazione del sacramento del Battesimo, del Matrimonio, della Celebrazione della Parola di Dio, nell&#8217;assistenza agli ammalati, agli anziani, ai moribondi, nella formazione di diversi gruppi parrocchiali, nella crescita della fede nella nostra comunit\u00e0 attraverso la manifestazione di pellegrinaggi e altre attivit\u00e0. Lavoraro per i pi\u00f9 bisognosi, senza trascurare nessuno, come i nostri bambini, i giovani, gli adulti e gli anziani. Svolgere un lavoro pastorale nei luoghi in cui i sacerdoti non sono presenti, infondendo valori etici, morali e religiosi. \u00c8 fondamentale, e imprescindibile oggi nella nostra comunit\u00e0, andare a questo riconoscimento a nome del nostro popolo e del dipartimento delle Ande, felici nozze di rubino, quarant&#8217;anni di presenza nelle nostre terre. Grazie di cuore Missionarie di Ges\u00f9, Verbo e Vittima.<\/p>\n<p>Risoluzione numero 126: La Camera dei Deputati della Provincia di Salta delibera di dichiarare di interesse di questa Camera il lavoro svolto dalla comunit\u00e0 delle Missionarie di Ges\u00f9, Parola e Vittima, nella Puna, iniziato il 20 maggio 1984, commemorando i quarant&#8217;anni della loro opera pastorale con il motto: Insegnamento e Carit\u00e0 Penitente nella localit\u00e0 di San Antonio de los Cobres.<\/p>\n<p>Consegnato nell&#8217;Aula della Camera dei Deputati.<\/p>\n<p>Firmato dal dottor Ra\u00fal Romero Medina, segretario legislativo di Esteban Amat Lacroix, Presidente della Camera dei Deputati, che presenta questo riconoscimento insieme all&#8217;autore del progetto del deputato Arjona.<\/p>\n<p><img decoding=\"async\" class=\"alignnone size-full wp-image-7943\" src=\"https:\/\/mjvv.org\/wp-content\/uploads\/2024\/05\/Modelo-grande-foto-articulos.png\" alt=\"\" width=\"1202\" height=\"652\" srcset=\"https:\/\/mjvv.org\/wp-content\/uploads\/2024\/05\/Modelo-grande-foto-articulos.png 1202w, https:\/\/mjvv.org\/wp-content\/uploads\/2024\/05\/Modelo-grande-foto-articulos-300x163.png 300w, https:\/\/mjvv.org\/wp-content\/uploads\/2024\/05\/Modelo-grande-foto-articulos-1024x555.png 1024w, https:\/\/mjvv.org\/wp-content\/uploads\/2024\/05\/Modelo-grande-foto-articulos-768x417.png 768w\" sizes=\"(max-width: 1202px) 100vw, 1202px\" \/><\/p>\n<p>&nbsp;<\/p>\n","protected":false},"excerpt":{"rendered":"<p>Nella X Sessione Ordinaria, il 14 maggio di quest&#8217;anno, la Camera dei Deputati di Salta-Jujuy ha conferito un riconoscimento alle Missionarie di Ges\u00f9 Verbo e V\u00edctima, nel loro 40\u00b0 anniversario di lavoro pastorale nella puna di Salta, Jujuy. In particolare nel centro missionario San Antonio de los Cobres. La sessione \u00e8 stata presieduta dal capo [&hellip;]<\/p>\n","protected":false},"author":2,"featured_media":7938,"comment_status":"open","ping_status":"open","sticky":false,"template":"","format":"standard","meta":{"_jetpack_memberships_contains_paid_content":false,"footnotes":""},"categories":[159],"tags":[],"class_list":["post-7949","post","type-post","status-publish","format-standard","has-post-thumbnail","hentry","category-notizie"],"jetpack_featured_media_url":"https:\/\/mjvv.org\/wp-content\/uploads\/2024\/05\/ante-prima-articulos-web-3.png","jetpack_sharing_enabled":true,"_links":{"self":[{"href":"https:\/\/mjvv.org\/it\/wp-json\/wp\/v2\/posts\/7949","targetHints":{"allow":["GET"]}}],"collection":[{"href":"https:\/\/mjvv.org\/it\/wp-json\/wp\/v2\/posts"}],"about":[{"href":"https:\/\/mjvv.org\/it\/wp-json\/wp\/v2\/types\/post"}],"author":[{"embeddable":true,"href":"https:\/\/mjvv.org\/it\/wp-json\/wp\/v2\/users\/2"}],"replies":[{"embeddable":true,"href":"https:\/\/mjvv.org\/it\/wp-json\/wp\/v2\/comments?post=7949"}],"version-history":[{"count":2,"href":"https:\/\/mjvv.org\/it\/wp-json\/wp\/v2\/posts\/7949\/revisions"}],"predecessor-version":[{"id":7952,"href":"https:\/\/mjvv.org\/it\/wp-json\/wp\/v2\/posts\/7949\/revisions\/7952"}],"wp:featuredmedia":[{"embeddable":true,"href":"https:\/\/mjvv.org\/it\/wp-json\/wp\/v2\/media\/7938"}],"wp:attachment":[{"href":"https:\/\/mjvv.org\/it\/wp-json\/wp\/v2\/media?parent=7949"}],"wp:term":[{"taxonomy":"category","embeddable":true,"href":"https:\/\/mjvv.org\/it\/wp-json\/wp\/v2\/categories?post=7949"},{"taxonomy":"post_tag","embeddable":true,"href":"https:\/\/mjvv.org\/it\/wp-json\/wp\/v2\/tags?post=7949"}],"curies":[{"name":"wp","href":"https:\/\/api.w.org\/{rel}","templated":true}]}}