{"id":7886,"date":"2024-04-25T18:14:05","date_gmt":"2024-04-25T16:14:05","guid":{"rendered":"https:\/\/mjvv.org\/non-categorizzato\/via-crucis-innovador\/"},"modified":"2024-04-25T18:14:05","modified_gmt":"2024-04-25T16:14:05","slug":"via-crucis-innovador","status":"publish","type":"post","link":"https:\/\/mjvv.org\/it\/missionarie\/via-crucis-innovador\/","title":{"rendered":"V\u00eda Crucis innovador"},"content":{"rendered":"<p>En la actualidad el fervor de los fieles va bajando poco a poco, por diversas circunstancias, y ello es un nuevo desaf\u00edo para la MJVV, a\u00fan en los pueblitos donde trabajamos se viene enfriando el fervor. Pero, durante el tiempo de Cuaresma, y en ning\u00fan tiempo, podemos quedarnos con los brazos cruzados, pues es un tiempo de renovaci\u00f3n espiritual para toda la Iglesia, as\u00ed que pusimos manos a la obra.<\/p>\n<p>El problema es que cuando invitamos a los fieles a rezar el V\u00eda Crucis, no vienen a la Iglesia. A veces vienen 2 o 3 personas mayores y los que nunca faltan son los peque\u00f1os, con su alegre bulla. Entonces \u00bfQu\u00e9 hacer? A nuestra superiora M. Emiliana, se le ocurri\u00f3 la idea de ir casa por casa rezando el V\u00eda Crucis con cada familia y as\u00ed lo hicimos, los viernes a las 6pm. Empezamos a rezar por barrios y zonas, donde comprometimos a cada familia para que haga un altarcito, y espere al Se\u00f1or en la estaci\u00f3n que le tocar\u00eda rezar. Algunos m\u00e1s fervorosos nos esperaron hasta con incienso, flores, altares muy lindos. Otros sin embargo, simplemente colocaron una mesa con su mantel o chiclla (palabra de la lengua quechua).<\/p>\n<figure id=\"attachment_7876\" aria-describedby=\"caption-attachment-7876\" style=\"width: 1200px\" class=\"wp-caption alignnone\"><img fetchpriority=\"high\" decoding=\"async\" class=\"wp-image-7876 size-full\" src=\"https:\/\/mjvv.org\/wp-content\/uploads\/2024\/04\/modelo-alto-interno-pagina-webn.png\" alt=\"\" width=\"1200\" height=\"650\" srcset=\"https:\/\/mjvv.org\/wp-content\/uploads\/2024\/04\/modelo-alto-interno-pagina-webn.png 1200w, https:\/\/mjvv.org\/wp-content\/uploads\/2024\/04\/modelo-alto-interno-pagina-webn-300x163.png 300w, https:\/\/mjvv.org\/wp-content\/uploads\/2024\/04\/modelo-alto-interno-pagina-webn-1024x555.png 1024w, https:\/\/mjvv.org\/wp-content\/uploads\/2024\/04\/modelo-alto-interno-pagina-webn-768x416.png 768w\" sizes=\"(max-width: 1200px) 100vw, 1200px\" \/><figcaption id=\"caption-attachment-7876\" class=\"wp-caption-text\">Foto referencial<\/figcaption><\/figure>\n<p>Rezamos la estaci\u00f3n que tocaba y les echamos bastante agua bendita, cosa que les encanta, y de ello nos valemos para que queden bien bendecidos. Rezamos adem\u00e1s por sus intenciones particulares como salud, trabajo, difuntos, etc. \u00c9ste fue el modo en que les pudimos avivar un poco su fe en este tiempo sagrado. El mismo m\u00e9todo aplicamos en otros pueblitos que debemos atender en nuestras acostumbradas misiones. En las escuelas hemos explicado a los ni\u00f1os y j\u00f3venes sobre el tiempo de Cuaresma.<\/p>\n<figure id=\"attachment_7880\" aria-describedby=\"caption-attachment-7880\" style=\"width: 1200px\" class=\"wp-caption alignnone\"><img decoding=\"async\" class=\"wp-image-7880 size-full\" src=\"https:\/\/mjvv.org\/wp-content\/uploads\/2024\/04\/modelo-alto-interno-pagina-web-5.png\" alt=\"\" width=\"1200\" height=\"650\" srcset=\"https:\/\/mjvv.org\/wp-content\/uploads\/2024\/04\/modelo-alto-interno-pagina-web-5.png 1200w, https:\/\/mjvv.org\/wp-content\/uploads\/2024\/04\/modelo-alto-interno-pagina-web-5-300x163.png 300w, https:\/\/mjvv.org\/wp-content\/uploads\/2024\/04\/modelo-alto-interno-pagina-web-5-1024x555.png 1024w, https:\/\/mjvv.org\/wp-content\/uploads\/2024\/04\/modelo-alto-interno-pagina-web-5-768x416.png 768w\" sizes=\"(max-width: 1200px) 100vw, 1200px\" \/><figcaption id=\"caption-attachment-7880\" class=\"wp-caption-text\">Foto referencial<\/figcaption><\/figure>\n<p>Mandamos hacer banners con im\u00e1genes del V\u00eda Crucis para 3 grupos, y nos ha ido muy bien. Al menos de este modo pudimos acercar a nuestros fieles a Dios, aunque parezca poco, sabemos que el logro es bastante ya que conocemos c\u00f3mo es nuestra gente en la serran\u00eda, y por ello estamos muy contentas. Dios sea glorificado por nuestras misiones.<\/p>\n<p style=\"text-align: right;\"><strong>Patmos de Tin Tin, Bolivia 2024<\/strong><\/p>\n<p style=\"text-align: right;\">Madre Bilermine MJVV<\/p>\n","protected":false},"excerpt":{"rendered":"<p>En la actualidad el fervor de los fieles va bajando poco a poco, por diversas circunstancias, y ello es un nuevo desaf\u00edo para la MJVV, a\u00fan en los pueblitos donde trabajamos se viene enfriando el fervor. Pero, durante el tiempo de Cuaresma, y en ning\u00fan tiempo, podemos quedarnos con los brazos cruzados, pues es un [&hellip;]<\/p>\n","protected":false},"author":2,"featured_media":7875,"comment_status":"open","ping_status":"open","sticky":false,"template":"","format":"standard","meta":{"_jetpack_memberships_contains_paid_content":false,"footnotes":""},"categories":[156],"tags":[],"class_list":["post-7886","post","type-post","status-publish","format-standard","has-post-thumbnail","hentry","category-missionarie"],"jetpack_featured_media_url":"https:\/\/mjvv.org\/wp-content\/uploads\/2024\/04\/ante-prima-articulos-web-4.png","jetpack_sharing_enabled":true,"_links":{"self":[{"href":"https:\/\/mjvv.org\/it\/wp-json\/wp\/v2\/posts\/7886","targetHints":{"allow":["GET"]}}],"collection":[{"href":"https:\/\/mjvv.org\/it\/wp-json\/wp\/v2\/posts"}],"about":[{"href":"https:\/\/mjvv.org\/it\/wp-json\/wp\/v2\/types\/post"}],"author":[{"embeddable":true,"href":"https:\/\/mjvv.org\/it\/wp-json\/wp\/v2\/users\/2"}],"replies":[{"embeddable":true,"href":"https:\/\/mjvv.org\/it\/wp-json\/wp\/v2\/comments?post=7886"}],"version-history":[{"count":0,"href":"https:\/\/mjvv.org\/it\/wp-json\/wp\/v2\/posts\/7886\/revisions"}],"wp:featuredmedia":[{"embeddable":true,"href":"https:\/\/mjvv.org\/it\/wp-json\/wp\/v2\/media\/7875"}],"wp:attachment":[{"href":"https:\/\/mjvv.org\/it\/wp-json\/wp\/v2\/media?parent=7886"}],"wp:term":[{"taxonomy":"category","embeddable":true,"href":"https:\/\/mjvv.org\/it\/wp-json\/wp\/v2\/categories?post=7886"},{"taxonomy":"post_tag","embeddable":true,"href":"https:\/\/mjvv.org\/it\/wp-json\/wp\/v2\/tags?post=7886"}],"curies":[{"name":"wp","href":"https:\/\/api.w.org\/{rel}","templated":true}]}}