{"id":7822,"date":"2024-04-18T03:24:44","date_gmt":"2024-04-18T01:24:44","guid":{"rendered":"https:\/\/mjvv.org\/non-categorizzato\/peru-ensantado-con-federico-kaiser\/"},"modified":"2024-04-18T03:56:38","modified_gmt":"2024-04-18T01:56:38","slug":"peru-ensantado-con-federico-kaiser","status":"publish","type":"post","link":"https:\/\/mjvv.org\/it\/federico-kaiser-it\/f-notizie\/peru-ensantado-con-federico-kaiser\/","title":{"rendered":"Per\u00f9 ensantado con Federico Kaiser"},"content":{"rendered":"<p style=\"text-align: center;\"><strong>Intervista con il Dr. Jos\u00e9 Antonio Benito Rodr\u00edguez<\/strong><\/p>\n<figure id=\"attachment_7816\" aria-describedby=\"caption-attachment-7816\" style=\"width: 1202px\" class=\"wp-caption alignnone\"><img fetchpriority=\"high\" decoding=\"async\" class=\"wp-image-7816 size-full\" src=\"https:\/\/mjvv.org\/wp-content\/uploads\/2024\/04\/Modelo-grande-foto-articulos-1.png\" alt=\"\" width=\"1202\" height=\"652\" srcset=\"https:\/\/mjvv.org\/wp-content\/uploads\/2024\/04\/Modelo-grande-foto-articulos-1.png 1202w, https:\/\/mjvv.org\/wp-content\/uploads\/2024\/04\/Modelo-grande-foto-articulos-1-300x163.png 300w, https:\/\/mjvv.org\/wp-content\/uploads\/2024\/04\/Modelo-grande-foto-articulos-1-1024x555.png 1024w, https:\/\/mjvv.org\/wp-content\/uploads\/2024\/04\/Modelo-grande-foto-articulos-1-768x417.png 768w\" sizes=\"(max-width: 1202px) 100vw, 1202px\" \/><figcaption id=\"caption-attachment-7816\" class=\"wp-caption-text\">A sinistra: Il Dr. Jos\u00e9 Antonio Benito R. e il teamEnzian. A destra: il Dr. Jos\u00e9 Antonio Benito con la Regina dei Santi.<\/figcaption><\/figure>\n<p>\u00c8 una grande gioia avere il grande storico Jos\u00e9 Antonio Benito Rodr\u00edguez, dottore dell&#8217;Universit\u00e0 di Valladolid, professore della Facolt\u00e0 di Teologia Pontificia e Civile di Lima, coordinatore della Commissione per il Bicentenario della Conferenza Episcopale Peruviana, che vive in Per\u00f9 da 30 anni. Anche perch\u00e9 \u00e8 stato uno dei relatori del 1\u00b0 Congresso internazionale sul Servo di Dio Federico Kaiser, presentando il tema: &#8220;Il Per\u00f9, terra ensantada, e il contributo del Servo di Dio Federico Kaiser&#8221;.<\/p>\n<ol>\n<li><strong>Come ha conosciuto la persona del Servo di Dio Federico Kaiser?<\/strong> A seguito di un&#8217;intervista nel mio programma &#8220;El Puente&#8221; di PAX TV con due suore della Congregazione Missionarie di Ges\u00f9, Verbo e Vittima.<\/li>\n<li><strong>Quali virt\u00f9 evidenzierebbe della sua vita?<\/strong> Mi ha sempre affascinato la responsabilit\u00e0 con cui viveva il suo sacerdozio, la sua identificazione con Cristo, la sua passione evangelizzatrice, con una semplicit\u00e0 e una gioia affascinanti. Mi ha colpito la sua capacit\u00e0 di ascoltare la &#8220;chiamata&#8221; delle Ande, la sua vicinanza ai sacerdoti, il suo grande apprezzamento per il Per\u00f9, la sua fiducia nel Cuore di Ges\u00f9 e di Maria, la sua sinodalit\u00e0 nel cercare la collaborazione dei laici, soprattutto delle donne, il suo cuore gigante e universale.<\/li>\n<li><strong>Pensa che Federico Kaiser sia un santo?<\/strong> S\u00ec, era la sua aspirazione, lo voleva per tutto il suo popolo e ha sempre cercato di viverlo personalmente e per tutti coloro che lo circondavano.<\/li>\n<li><strong>Ha ricevuto qualche grazia per sua intercessione?<\/strong> Considero una grazia aver visitato Caravel\u00ed, aver potuto pregare sulla sua tomba e sentire la contagiosa e gioiosa vita familiare delle sue figlie, Missionarie di Ges\u00f9, Parola e Vittima.<\/li>\n<li><strong>Dopo il 1\u00b0 Congresso Internazionale sull Servo di Dio su Federico Kaiser, quali frutti si aspetta dal Congresso?<\/strong> Una maggiore conoscenza ed esperienza dello stile di vita ispirato da Dio in Monsignor Kaiser da parte della Chiesa e della societ\u00e0, soprattutto peruviana.<\/li>\n<li><strong>Il Congresso ha dato un contributo alla sua vita spirituale?<\/strong> La passione per la Sacra Scrittura e lo zelo per l&#8217;evangelizzazione tra i settori pi\u00f9 abbandonati della popolazione.<\/li>\n<li><strong>Le piacerebbe vedere un altro Congresso?<\/strong> Certamente. Un congresso \u00e8 una grande opportunit\u00e0 per pregare, riflettere, condividere il Fondatore Monsignor Kaiser e la sua grande opera la congregazione MJVV. \u00c8 un momento per ringraziare, esaminare se stessi e lanciarsi nella conoscenza, nella vita e nella moltiplicazione del carisma dato a monsignor Kaiser e alle sue figlie.<\/li>\n<li><strong>Qual \u00e8 la sua opinione sul processo di canonizzazione e beatificazione del Servo di Dio Federico Kaiser?<\/strong> Sono molto felice e grato per tutto quello che si sta facendo e prego che presto potremo godere della sua beatificazione e canonizzazione.<\/li>\n<li><strong>Conosce la fondazione MJVV (Missionari di Ges\u00f9, Parola e Vittima) del Servo di Dio Frederick Kaiser e cosa ne pensa?<\/strong> S\u00ec, la conosco e sono molto felice di vederla fiorire e moltiplicarsi cos\u00ec fortemente. Mi sembra un vero miracolo vedere cos\u00ec tante vocazioni in mezzo a tanti problemi della vita consacrata. Lo vedo come un&#8217;anticipazione profetica di ci\u00f2 che Papa Francesco sta indicando per la Chiesa, la gioia di evangelizzare, la passione per la missione, una Chiesa che va verso tutte le periferie esistenziali del nostro tempo.<\/li>\n<li><strong>Sicuramente \u00e8 a conoscenza del prossimo documentario &#8220;L&#8217;apostolo delle Ande&#8221; della troupe di Enzian, cosa ne pensa e quali sono le sue aspettative per questo documentario?<\/strong> Non solo ne sono a conoscenza, ma ho anche avuto il privilegio di ascoltare, vedere e sentire la professionalit\u00e0 del grande team guidato da Rub\u00e9n Enzian. Hanno una conoscenza di prima mano della vita e dell&#8217;opera di Monsignor Kaiser e stanno realizzando un&#8217;immagine vivida e completa della persona, sia umanamente che spiritualmente, cos\u00ec come dell&#8217;opera viva che la MJVVrappresenta. Sono certo che servir\u00e0 a conoscere meglio la vita, la missione e l&#8217;opera del nostro caro monsignor Frederick Kaiser.<\/li>\n<li><strong>Quale messaggio darebbe ai fedeli devoti del Servo di Dio Federico Kaiser?<\/strong> Che il Per\u00f9 ensantado \u00e8 stato arricchito dalla favolosa personalit\u00e0 di monsignor Federico Kaiser, che ha dato il meglio della sua vita religiosa alla pastorale biblica, vocazionale ed evangelizzatrice sia nella capitale del Per\u00f9, Lima, sia nel profondo Per\u00f9 della sierra di Caravel\u00ed. La sua vita umile e gioiosa \u00e8 un invito a vivere il Vangelo nel qui e ora del nostro mondo.\u00a0 \u00a0 \u00a0 \u00a0 \u00a0 \u00a0 \u00a0 \u00a0 \u00a0 \u00a0 \u00a0 \u00a0 \u00a0 \u00a0 \u00a0 \u00a0 \u00a0 \u00a0 \u00a0 \u00a0 \u00a0 \u00a0 \u00a0 \u00a0 \u00a0 \u00a0 \u00a0 \u00a0 \u00a0 \u00a0 \u00a0 \u00a0 \u00a0 \u00a0 \u00a0 \u00a0 \u00a0 \u00a0 \u00a0 \u00a0 \u00a0 \u00a0 \u00a0 \u00a0 \u00a0 \u00a0 \u00a0 \u00a0 \u00a0 \u00a0 \u00a0 \u00a0 \u00a0 \u00a0 \u00a0 \u00a0 \u00a0 \u00a0 \u00a0 \u00a0 \u00a0 \u00a0 \u00a0 \u00a0 \u00a0 \u00a0 \u00a0 \u00a0 \u00a0 \u00a0 \u00a0 \u00a0 \u00a0 \u00a0 \u00a0 \u00a0 \u00a0 \u00a0 \u00a0 \u00a0 \u00a0 \u00a0 \u00a0 \u00a0 \u00a0 \u00a0 \u00a0 \u00a0 \u00a0 \u00a0 \u00a0 \u00a0 \u00a0 \u00a0 \u00a0 \u00a0 \u00a0 \u00a0 \u00a0 \u00a0 \u00a0 \u00a0 \u00a0 \u00a0 Ringraziamo il dottor Jos\u00e9 Antonio Benito R. per il suo prezioso contributo, il suo tempo e la sua dedizione, ma soprattutto per le sue parole che riflettono il suo affetto per il Per\u00f9, terra di santi, come l&#8217;ha definita Papa Francesco durante la sua visita nel 2018, in particolare per il fondatore delle Suore Missionarie di Ges\u00f9, Verbo e Vittima, il Servo di Dio Monsignor Federico Kaiser D\u00e9pel.<\/li>\n<\/ol>\n","protected":false},"excerpt":{"rendered":"<p>Intervista con il Dr. Jos\u00e9 Antonio Benito Rodr\u00edguez \u00c8 una grande gioia avere il grande storico Jos\u00e9 Antonio Benito Rodr\u00edguez, dottore dell&#8217;Universit\u00e0 di Valladolid, professore della Facolt\u00e0 di Teologia Pontificia e Civile di Lima, coordinatore della Commissione per il Bicentenario della Conferenza Episcopale Peruviana, che vive in Per\u00f9 da 30 anni. Anche perch\u00e9 \u00e8 stato [&hellip;]<\/p>\n","protected":false},"author":2,"featured_media":7815,"comment_status":"open","ping_status":"open","sticky":false,"template":"","format":"standard","meta":{"_jetpack_memberships_contains_paid_content":false,"footnotes":""},"categories":[123,159],"tags":[],"class_list":["post-7822","post","type-post","status-publish","format-standard","has-post-thumbnail","hentry","category-f-notizie","category-notizie"],"jetpack_featured_media_url":"https:\/\/mjvv.org\/wp-content\/uploads\/2024\/04\/ante-prima-articulos-web-1.png","jetpack_sharing_enabled":true,"_links":{"self":[{"href":"https:\/\/mjvv.org\/it\/wp-json\/wp\/v2\/posts\/7822","targetHints":{"allow":["GET"]}}],"collection":[{"href":"https:\/\/mjvv.org\/it\/wp-json\/wp\/v2\/posts"}],"about":[{"href":"https:\/\/mjvv.org\/it\/wp-json\/wp\/v2\/types\/post"}],"author":[{"embeddable":true,"href":"https:\/\/mjvv.org\/it\/wp-json\/wp\/v2\/users\/2"}],"replies":[{"embeddable":true,"href":"https:\/\/mjvv.org\/it\/wp-json\/wp\/v2\/comments?post=7822"}],"version-history":[{"count":2,"href":"https:\/\/mjvv.org\/it\/wp-json\/wp\/v2\/posts\/7822\/revisions"}],"predecessor-version":[{"id":7826,"href":"https:\/\/mjvv.org\/it\/wp-json\/wp\/v2\/posts\/7822\/revisions\/7826"}],"wp:featuredmedia":[{"embeddable":true,"href":"https:\/\/mjvv.org\/it\/wp-json\/wp\/v2\/media\/7815"}],"wp:attachment":[{"href":"https:\/\/mjvv.org\/it\/wp-json\/wp\/v2\/media?parent=7822"}],"wp:term":[{"taxonomy":"category","embeddable":true,"href":"https:\/\/mjvv.org\/it\/wp-json\/wp\/v2\/categories?post=7822"},{"taxonomy":"post_tag","embeddable":true,"href":"https:\/\/mjvv.org\/it\/wp-json\/wp\/v2\/tags?post=7822"}],"curies":[{"name":"wp","href":"https:\/\/api.w.org\/{rel}","templated":true}]}}