{"id":7656,"date":"2023-11-27T00:15:42","date_gmt":"2023-11-26T23:15:42","guid":{"rendered":"https:\/\/mjvv.org\/non-categorizzato\/desde-dulmen-a-caraveli\/"},"modified":"2023-11-27T17:38:31","modified_gmt":"2023-11-27T16:38:31","slug":"desde-dulmen-a-caraveli","status":"publish","type":"post","link":"https:\/\/mjvv.org\/it\/federico-kaiser-it\/f-notizie\/desde-dulmen-a-caraveli\/","title":{"rendered":"Da D\u00fclmen a Caravel\u00ed"},"content":{"rendered":"<p>Dal 7 al 18 novembre, il parroco di D\u00fclmen, Germania, Padre Markus Trautmann, ha visitato il Convento del Cenacolo per conoscere i luoghi in cui il Servo di Dio Mons. Frederick Kaiser ha vissuto dal 26 maggio 1971. D\u00fclmen \u00e8 la citt\u00e0 di nascita di Federico Kaiser, e l\u00ec si trova la chiesa di San Vittore, dove fu battezzato nel 1903 e fu ordinato vescovo nel 1963. In questa visita \u00e8 stato accompagnato anche da padre Franz, che lo ha aiutato nella traduzione dal tedesco allo spagnolo e viceversa. Padre Franz ha lavorato in precedenza nella Prelatura di Caravel\u00ed e conosce molto bene lo spagnolo.<\/p>\n<p><img fetchpriority=\"high\" decoding=\"async\" class=\"wp-image-7638 size-full\" src=\"https:\/\/mjvv.org\/wp-content\/uploads\/2023\/11\/modelo-alto-interno-pagina-web.png\" alt=\"\" width=\"1200\" height=\"650\" srcset=\"https:\/\/mjvv.org\/wp-content\/uploads\/2023\/11\/modelo-alto-interno-pagina-web.png 1200w, https:\/\/mjvv.org\/wp-content\/uploads\/2023\/11\/modelo-alto-interno-pagina-web-300x163.png 300w, https:\/\/mjvv.org\/wp-content\/uploads\/2023\/11\/modelo-alto-interno-pagina-web-1024x555.png 1024w, https:\/\/mjvv.org\/wp-content\/uploads\/2023\/11\/modelo-alto-interno-pagina-web-768x416.png 768w\" sizes=\"(max-width: 1200px) 100vw, 1200px\" \/><\/p>\n<p>Padre Markus e Padre Franz, alla scoperta del Convento del CenacoloPadre Markus ha gi\u00e0 pubblicato in tedesco sette libri sul Servo di Dio Federico Kaiser. Ha una newsletter sul Servo di Dio e sulla sua opera. E anche un sito web: http:\/\/www.bischof-friedrich-kaiser.de\/ con lo scopo di diffondere la devozione al Servo di Dio.<\/p>\n<p><img decoding=\"async\" class=\"alignnone size-full wp-image-7642\" src=\"https:\/\/mjvv.org\/wp-content\/uploads\/2023\/11\/Modelo-grande-foto-articulos-1.png\" alt=\"\" width=\"1202\" height=\"652\" srcset=\"https:\/\/mjvv.org\/wp-content\/uploads\/2023\/11\/Modelo-grande-foto-articulos-1.png 1202w, https:\/\/mjvv.org\/wp-content\/uploads\/2023\/11\/Modelo-grande-foto-articulos-1-300x163.png 300w, https:\/\/mjvv.org\/wp-content\/uploads\/2023\/11\/Modelo-grande-foto-articulos-1-1024x555.png 1024w, https:\/\/mjvv.org\/wp-content\/uploads\/2023\/11\/Modelo-grande-foto-articulos-1-768x417.png 768w\" sizes=\"(max-width: 1202px) 100vw, 1202px\" \/><\/p>\n<p>Padre Markus \u00e8 anche uno storico. Durante la sua visita ha tenuto una conferenza su alcuni fatti riguardanti Federico Kaiser a D\u00fclmen. E ha ricordato Catherine Emerick, alla quale un giorno Federico Kaiser chiese di aiutarlo a raggiungere il suo obiettivo di diventare sacerdote.<\/p>\n<figure id=\"attachment_7646\" aria-describedby=\"caption-attachment-7646\" style=\"width: 1202px\" class=\"wp-caption alignnone\"><img decoding=\"async\" class=\"wp-image-7646 size-full\" src=\"https:\/\/mjvv.org\/wp-content\/uploads\/2023\/11\/Modelo-grande-foto-articulos-2.png\" alt=\"\" width=\"1202\" height=\"652\" srcset=\"https:\/\/mjvv.org\/wp-content\/uploads\/2023\/11\/Modelo-grande-foto-articulos-2.png 1202w, https:\/\/mjvv.org\/wp-content\/uploads\/2023\/11\/Modelo-grande-foto-articulos-2-300x163.png 300w, https:\/\/mjvv.org\/wp-content\/uploads\/2023\/11\/Modelo-grande-foto-articulos-2-1024x555.png 1024w, https:\/\/mjvv.org\/wp-content\/uploads\/2023\/11\/Modelo-grande-foto-articulos-2-768x417.png 768w\" sizes=\"(max-width: 1202px) 100vw, 1202px\" \/><figcaption id=\"caption-attachment-7646\" class=\"wp-caption-text\">P. Markus in preghiera sulla tomba del vescovo Frederick Kaiser<\/figcaption><\/figure>\n<p>Per alcuni giorni si \u00e8 recato in alcune zone dei monti Caravel\u00ed: Puquio, Pullo e Incuyo. Ha visitato alcuni dei luoghi in cui il Servo di Dio Federico Kaiser ha lasciato la sua impronta: in questi ultimi due luoghi le Suore Missionarie di Ges\u00f9 Verbo e Vittima lavorano attualmente nel loro centro missionario.<\/p>\n<figure id=\"attachment_7650\" aria-describedby=\"caption-attachment-7650\" style=\"width: 1200px\" class=\"wp-caption alignnone\"><img loading=\"lazy\" decoding=\"async\" class=\"wp-image-7650 size-full\" src=\"https:\/\/mjvv.org\/wp-content\/uploads\/2023\/11\/modelo-alto-interno-pagina-web-1.png\" alt=\"\" width=\"1200\" height=\"650\" srcset=\"https:\/\/mjvv.org\/wp-content\/uploads\/2023\/11\/modelo-alto-interno-pagina-web-1.png 1200w, https:\/\/mjvv.org\/wp-content\/uploads\/2023\/11\/modelo-alto-interno-pagina-web-1-300x163.png 300w, https:\/\/mjvv.org\/wp-content\/uploads\/2023\/11\/modelo-alto-interno-pagina-web-1-1024x555.png 1024w, https:\/\/mjvv.org\/wp-content\/uploads\/2023\/11\/modelo-alto-interno-pagina-web-1-768x416.png 768w\" sizes=\"(max-width: 1200px) 100vw, 1200px\" \/><figcaption id=\"caption-attachment-7650\" class=\"wp-caption-text\">Immagini della visita di padre Markus Trautmann<\/figcaption><\/figure>\n<p>Le suore della comunit\u00e0 hanno ringraziato padre Markus per la sua visita con un recital di musica peruviana, sperando che questa non sia l&#8217;unica visita.<\/p>\n","protected":false},"excerpt":{"rendered":"<p>Dal 7 al 18 novembre, il parroco di D\u00fclmen, Germania, Padre Markus Trautmann, ha visitato il Convento del Cenacolo per conoscere i luoghi in cui il Servo di Dio Mons. Frederick Kaiser ha vissuto dal 26 maggio 1971. D\u00fclmen \u00e8 la citt\u00e0 di nascita di Federico Kaiser, e l\u00ec si trova la chiesa di San [&hellip;]<\/p>\n","protected":false},"author":2,"featured_media":7637,"comment_status":"open","ping_status":"open","sticky":false,"template":"","format":"standard","meta":{"_jetpack_memberships_contains_paid_content":false,"footnotes":""},"categories":[123,159],"tags":[],"class_list":["post-7656","post","type-post","status-publish","format-standard","has-post-thumbnail","hentry","category-f-notizie","category-notizie"],"jetpack_featured_media_url":"https:\/\/mjvv.org\/wp-content\/uploads\/2023\/11\/ante-prima-articulos-web-1.png","jetpack_sharing_enabled":true,"_links":{"self":[{"href":"https:\/\/mjvv.org\/it\/wp-json\/wp\/v2\/posts\/7656","targetHints":{"allow":["GET"]}}],"collection":[{"href":"https:\/\/mjvv.org\/it\/wp-json\/wp\/v2\/posts"}],"about":[{"href":"https:\/\/mjvv.org\/it\/wp-json\/wp\/v2\/types\/post"}],"author":[{"embeddable":true,"href":"https:\/\/mjvv.org\/it\/wp-json\/wp\/v2\/users\/2"}],"replies":[{"embeddable":true,"href":"https:\/\/mjvv.org\/it\/wp-json\/wp\/v2\/comments?post=7656"}],"version-history":[{"count":3,"href":"https:\/\/mjvv.org\/it\/wp-json\/wp\/v2\/posts\/7656\/revisions"}],"predecessor-version":[{"id":7662,"href":"https:\/\/mjvv.org\/it\/wp-json\/wp\/v2\/posts\/7656\/revisions\/7662"}],"wp:featuredmedia":[{"embeddable":true,"href":"https:\/\/mjvv.org\/it\/wp-json\/wp\/v2\/media\/7637"}],"wp:attachment":[{"href":"https:\/\/mjvv.org\/it\/wp-json\/wp\/v2\/media?parent=7656"}],"wp:term":[{"taxonomy":"category","embeddable":true,"href":"https:\/\/mjvv.org\/it\/wp-json\/wp\/v2\/categories?post=7656"},{"taxonomy":"post_tag","embeddable":true,"href":"https:\/\/mjvv.org\/it\/wp-json\/wp\/v2\/tags?post=7656"}],"curies":[{"name":"wp","href":"https:\/\/api.w.org\/{rel}","templated":true}]}}