{"id":7202,"date":"2023-06-29T19:07:09","date_gmt":"2023-06-29T17:07:09","guid":{"rendered":"https:\/\/mjvv.org\/non-categorizzato\/tres-baluartes-de-fidelidad\/"},"modified":"2023-06-29T22:17:43","modified_gmt":"2023-06-29T20:17:43","slug":"tres-baluartes-de-fidelidad","status":"publish","type":"post","link":"https:\/\/mjvv.org\/it\/notizie\/tres-baluartes-de-fidelidad\/","title":{"rendered":"Tre baluardi di fedelt\u00e0"},"content":{"rendered":"<p>Oggi, nella solennit\u00e0 di San Pietro e Paolo, tre madri hanno rinnovato i loro sacri voti: M. Socorro, M. Rosa e M. Ester, confermando il loro s\u00ec al Signore, dopo 50 anni di vita religiosa e ricevendo la corona d&#8217;oro come segno della loro fedelt\u00e0.<\/p>\n<figure id=\"attachment_7193\" aria-describedby=\"caption-attachment-7193\" style=\"width: 1202px\" class=\"wp-caption alignnone\"><img fetchpriority=\"high\" decoding=\"async\" class=\"wp-image-7193 size-full\" src=\"https:\/\/mjvv.org\/wp-content\/uploads\/2023\/06\/Modelo-grande-foto-articulos3.png\" alt=\"\" width=\"1202\" height=\"652\" srcset=\"https:\/\/mjvv.org\/wp-content\/uploads\/2023\/06\/Modelo-grande-foto-articulos3.png 1202w, https:\/\/mjvv.org\/wp-content\/uploads\/2023\/06\/Modelo-grande-foto-articulos3-300x163.png 300w, https:\/\/mjvv.org\/wp-content\/uploads\/2023\/06\/Modelo-grande-foto-articulos3-1024x555.png 1024w, https:\/\/mjvv.org\/wp-content\/uploads\/2023\/06\/Modelo-grande-foto-articulos3-768x417.png 768w\" sizes=\"(max-width: 1202px) 100vw, 1202px\" \/><figcaption id=\"caption-attachment-7193\" class=\"wp-caption-text\">Cerimonia del Giubileo d&#8217;oro MJVV<\/figcaption><\/figure>\n<p>Con la mano destra alzata, hanno promesso di essere fedeli a Ges\u00f9 fino alla morte, in una Santa Messa solenne presieduta da Sua Eccellenza Mons. Reinaldo Nann. Oggi celebriamo la solennit\u00e0 degli apostoli Pietro e Paolo, pilastri e fondamenta della Chiesa, e allo stesso tempo festeggiamo i 50 anni di fedelt\u00e0 nella vita religiosa di tre fondamenti della Congregazione &#8230;.. Anche se non possono pi\u00f9 prendere decisioni, hanno la potente arma della preghiera.<\/p>\n<figure id=\"attachment_7197\" aria-describedby=\"caption-attachment-7197\" style=\"width: 1202px\" class=\"wp-caption alignnone\"><img decoding=\"async\" class=\"wp-image-7197 size-full\" src=\"https:\/\/mjvv.org\/wp-content\/uploads\/2023\/06\/Modelo-grande-foto-articulos.png\" alt=\"\" width=\"1202\" height=\"652\" srcset=\"https:\/\/mjvv.org\/wp-content\/uploads\/2023\/06\/Modelo-grande-foto-articulos.png 1202w, https:\/\/mjvv.org\/wp-content\/uploads\/2023\/06\/Modelo-grande-foto-articulos-300x163.png 300w, https:\/\/mjvv.org\/wp-content\/uploads\/2023\/06\/Modelo-grande-foto-articulos-1024x555.png 1024w, https:\/\/mjvv.org\/wp-content\/uploads\/2023\/06\/Modelo-grande-foto-articulos-768x417.png 768w\" sizes=\"(max-width: 1202px) 100vw, 1202px\" \/><figcaption id=\"caption-attachment-7197\" class=\"wp-caption-text\">Madre Maria Giacinta MJVV<\/figcaption><\/figure>\n<p>Madre Rosa MJVV, ha ringraziato per questi 50 anni di fedelt\u00e0 a Dio, ricordando i suoi primi anni di missione nei vari centri missionari. Ha ricordato con gratitudine Madre Trinidad MJVV, che ha lavorato con M. Wilibrordis MJVV fin da giovanissima, essendo la sua vicaria generale. Ha sottolineato la semplicit\u00e0 e la dedizione di M. Trinidad, che lavorava, andava in missione a cavallo, ecc. Ha ricordato anche Mons. Federico Kaiser con le sue parole di incoraggiamento.<\/p>\n<p>Madre Socorro MJVV, da parte sua, ha ringraziato Dio, i fondatori della Congregazione, Madre Trinidad, M. Giacinta e la comunit\u00e0. &#8220;Sono nata a Caravel\u00ed, per quanto riguarda la vita soprannaturale, la vita religiosa. Qui ho imparato a vivere e ad amare i voti&#8230;&#8221;, ha affermato.<\/p>\n<p>Madre Esther MJVV ha raccontato la sua vocazione, sottolineando come la Divina Provvidenza l&#8217;abbia guidata verso la Congregazione. &#8220;Le rinunce che facciamo per amore di Dio, il buon Dio le ricompensa, perch\u00e9 \u00e8 generoso e non si lascia superare in generosit\u00e0&#8221;, ha detto rivolgendosi alla comunit\u00e0.<\/p>\n","protected":false},"excerpt":{"rendered":"<p>Oggi, nella solennit\u00e0 di San Pietro e Paolo, tre madri hanno rinnovato i loro sacri voti: M. Socorro, M. Rosa e M. Ester, confermando il loro s\u00ec al Signore, dopo 50 anni di vita religiosa e ricevendo la corona d&#8217;oro come segno della loro fedelt\u00e0. Con la mano destra alzata, hanno promesso di essere fedeli [&hellip;]<\/p>\n","protected":false},"author":2,"featured_media":7192,"comment_status":"open","ping_status":"open","sticky":false,"template":"","format":"standard","meta":{"_jetpack_memberships_contains_paid_content":false,"footnotes":""},"categories":[159],"tags":[],"class_list":["post-7202","post","type-post","status-publish","format-standard","has-post-thumbnail","hentry","category-notizie"],"jetpack_featured_media_url":"https:\/\/mjvv.org\/wp-content\/uploads\/2023\/06\/ante-prima-articulos-web.png","jetpack_sharing_enabled":true,"_links":{"self":[{"href":"https:\/\/mjvv.org\/it\/wp-json\/wp\/v2\/posts\/7202","targetHints":{"allow":["GET"]}}],"collection":[{"href":"https:\/\/mjvv.org\/it\/wp-json\/wp\/v2\/posts"}],"about":[{"href":"https:\/\/mjvv.org\/it\/wp-json\/wp\/v2\/types\/post"}],"author":[{"embeddable":true,"href":"https:\/\/mjvv.org\/it\/wp-json\/wp\/v2\/users\/2"}],"replies":[{"embeddable":true,"href":"https:\/\/mjvv.org\/it\/wp-json\/wp\/v2\/comments?post=7202"}],"version-history":[{"count":2,"href":"https:\/\/mjvv.org\/it\/wp-json\/wp\/v2\/posts\/7202\/revisions"}],"predecessor-version":[{"id":7208,"href":"https:\/\/mjvv.org\/it\/wp-json\/wp\/v2\/posts\/7202\/revisions\/7208"}],"wp:featuredmedia":[{"embeddable":true,"href":"https:\/\/mjvv.org\/it\/wp-json\/wp\/v2\/media\/7192"}],"wp:attachment":[{"href":"https:\/\/mjvv.org\/it\/wp-json\/wp\/v2\/media?parent=7202"}],"wp:term":[{"taxonomy":"category","embeddable":true,"href":"https:\/\/mjvv.org\/it\/wp-json\/wp\/v2\/categories?post=7202"},{"taxonomy":"post_tag","embeddable":true,"href":"https:\/\/mjvv.org\/it\/wp-json\/wp\/v2\/tags?post=7202"}],"curies":[{"name":"wp","href":"https:\/\/api.w.org\/{rel}","templated":true}]}}